{"id":390120,"date":"2025-03-04T15:24:09","date_gmt":"2025-03-04T15:24:09","guid":{"rendered":"https:\/\/sormaiberica.com\/?p=390120"},"modified":"2025-03-05T12:19:36","modified_gmt":"2025-03-05T12:19:36","slug":"sorma-iberica-nuevo-miembro-de-aimhe","status":"publish","type":"post","link":"https:\/\/sormaiberica.com\/es\/sorma-iberica-nuevo-miembro-de-aimhe\/","title":{"rendered":"Sorma Ib\u00e9rica, nuevo miembro de AIMHE"},"content":{"rendered":"<p style=\"text-align: center;\"><img loading=\"lazy\" decoding=\"async\" class=\"alignnone size-medium wp-image-390121\" src=\"https:\/\/sormaiberica.com\/wp-content\/uploads\/2025\/03\/LOGO-AIMHE-300x300.png\" alt=\"\" width=\"300\" height=\"300\" \/><\/p>\n<p>&nbsp;<\/p>\n<p>Desde el pasado enero de 2025 Sorma Ib\u00e9rica Tools se une como nuevo miembro de AIMHE (Asociaci\u00f3n de Importadores M\u00e1quina Herramienta Espa\u00f1a), como parte de su estrategia de expansi\u00f3n en el Mercado Espa\u00f1ol. Esta colaboraci\u00f3n ayudar\u00e1 a Sorma Ib\u00e9rica en el aumento de su visibilidad en el mercado y su refuerzo como marca junto a una asociaci\u00f3n de gran prestigio como AIMHE.<\/p>\n<p>Puedes leer el art\u00edculo completo <a href=\"https:\/\/aimhe.org\/sorma-iberica-se-une-a-aimhe-para-fortalecer-su-presencia-en-la-industria\/\" target=\"_blank\" rel=\"noopener\">aqu\u00ed;<\/a><\/p>\n","protected":false},"excerpt":{"rendered":"<p>&nbsp; Desde el pasado enero de 2025 Sorma Ib\u00e9rica Tools se une como nuevo miembro de AIMHE (Asociaci\u00f3n de Importadores M\u00e1quina Herramienta Espa\u00f1a), como parte de su estrategia de expansi\u00f3n en el Mercado Espa\u00f1ol. Esta colaboraci\u00f3n ayudar\u00e1 a Sorma Ib\u00e9rica en el aumento de su visibilidad en el mercado y su refuerzo como marca junto [&hellip;]<\/p>\n","protected":false},"author":5,"featured_media":390121,"comment_status":"open","ping_status":"closed","sticky":false,"template":"","format":"standard","meta":{"_acf_changed":false,"_et_pb_use_builder":"","_et_pb_old_content":"","_et_gb_content_width":"","footnotes":""},"categories":[20],"tags":[],"class_list":["post-390120","post","type-post","status-publish","format-standard","has-post-thumbnail","hentry","category-news"],"acf":[],"yoast_head":"<!-- This site is optimized with the Yoast SEO plugin v27.1.1 - https:\/\/yoast.com\/product\/yoast-seo-wordpress\/ -->\n<title>Sorma Ib\u00e9rica, nuevo miembro de AIMHE - Sorma Ib\u00e9rica Tools<\/title>\n<meta name=\"robots\" content=\"index, follow, max-snippet:-1, max-image-preview:large, max-video-preview:-1\" \/>\n<link rel=\"canonical\" href=\"https:\/\/sormaiberica.com\/es\/sorma-iberica-nuevo-miembro-de-aimhe\/\" \/>\n<meta property=\"og:locale\" content=\"es_ES\" \/>\n<meta property=\"og:type\" content=\"article\" \/>\n<meta property=\"og:title\" content=\"Sorma Ib\u00e9rica, nuevo miembro de AIMHE - Sorma Ib\u00e9rica Tools\" \/>\n<meta property=\"og:description\" content=\"&nbsp; Desde el pasado enero de 2025 Sorma Ib\u00e9rica Tools se une como nuevo miembro de AIMHE (Asociaci\u00f3n de Importadores M\u00e1quina Herramienta Espa\u00f1a), como parte de su estrategia de expansi\u00f3n en el Mercado Espa\u00f1ol. Esta colaboraci\u00f3n ayudar\u00e1 a Sorma Ib\u00e9rica en el aumento de su visibilidad en el mercado y su refuerzo como marca junto [&hellip;]\" \/>\n<meta property=\"og:url\" content=\"https:\/\/sormaiberica.com\/es\/sorma-iberica-nuevo-miembro-de-aimhe\/\" \/>\n<meta property=\"og:site_name\" content=\"Sorma Ib\u00e9rica Tools\" \/>\n<meta property=\"article:published_time\" content=\"2025-03-04T15:24:09+00:00\" \/>\n<meta property=\"article:modified_time\" content=\"2025-03-05T12:19:36+00:00\" \/>\n<meta property=\"og:image\" content=\"https:\/\/sormaiberica.com\/wp-content\/uploads\/2025\/03\/LOGO-AIMHE.png\" \/>\n\t<meta property=\"og:image:width\" content=\"1080\" \/>\n\t<meta property=\"og:image:height\" content=\"1080\" \/>\n\t<meta property=\"og:image:type\" content=\"image\/png\" \/>\n<meta name=\"author\" content=\"Paula\" \/>\n<meta name=\"twitter:card\" content=\"summary_large_image\" \/>\n<meta name=\"twitter:label1\" content=\"Escrito por\" \/>\n\t<meta name=\"twitter:data1\" content=\"Paula\" \/>\n<script type=\"application\/ld+json\" class=\"yoast-schema-graph\">{\"@context\":\"https:\/\/schema.org\",\"@graph\":[{\"@type\":\"Article\",\"@id\":\"https:\/\/sormaiberica.com\/es\/sorma-iberica-nuevo-miembro-de-aimhe\/#article\",\"isPartOf\":{\"@id\":\"https:\/\/sormaiberica.com\/es\/sorma-iberica-nuevo-miembro-de-aimhe\/\"},\"author\":{\"name\":\"Paula\",\"@id\":\"https:\/\/sormaiberica.com\/es\/#\/schema\/person\/b764a4ffabf27a608d2e18f1eca0c6f7\"},\"headline\":\"Sorma Ib\u00e9rica, nuevo miembro de AIMHE\",\"datePublished\":\"2025-03-04T15:24:09+00:00\",\"dateModified\":\"2025-03-05T12:19:36+00:00\",\"mainEntityOfPage\":{\"@id\":\"https:\/\/sormaiberica.com\/es\/sorma-iberica-nuevo-miembro-de-aimhe\/\"},\"wordCount\":85,\"commentCount\":0,\"publisher\":{\"@id\":\"https:\/\/sormaiberica.com\/es\/#organization\"},\"image\":{\"@id\":\"https:\/\/sormaiberica.com\/es\/sorma-iberica-nuevo-miembro-de-aimhe\/#primaryimage\"},\"thumbnailUrl\":\"https:\/\/sormaiberica.com\/wp-content\/uploads\/2025\/03\/LOGO-AIMHE.png\",\"articleSection\":[\"News\"],\"inLanguage\":\"es\",\"potentialAction\":[{\"@type\":\"CommentAction\",\"name\":\"Comment\",\"target\":[\"https:\/\/sormaiberica.com\/es\/sorma-iberica-nuevo-miembro-de-aimhe\/#respond\"]}]},{\"@type\":\"WebPage\",\"@id\":\"https:\/\/sormaiberica.com\/es\/sorma-iberica-nuevo-miembro-de-aimhe\/\",\"url\":\"https:\/\/sormaiberica.com\/es\/sorma-iberica-nuevo-miembro-de-aimhe\/\",\"name\":\"Sorma Ib\u00e9rica, nuevo miembro de AIMHE - Sorma Ib\u00e9rica Tools\",\"isPartOf\":{\"@id\":\"https:\/\/sormaiberica.com\/es\/#website\"},\"primaryImageOfPage\":{\"@id\":\"https:\/\/sormaiberica.com\/es\/sorma-iberica-nuevo-miembro-de-aimhe\/#primaryimage\"},\"image\":{\"@id\":\"https:\/\/sormaiberica.com\/es\/sorma-iberica-nuevo-miembro-de-aimhe\/#primaryimage\"},\"thumbnailUrl\":\"https:\/\/sormaiberica.com\/wp-content\/uploads\/2025\/03\/LOGO-AIMHE.png\",\"datePublished\":\"2025-03-04T15:24:09+00:00\",\"dateModified\":\"2025-03-05T12:19:36+00:00\",\"breadcrumb\":{\"@id\":\"https:\/\/sormaiberica.com\/es\/sorma-iberica-nuevo-miembro-de-aimhe\/#breadcrumb\"},\"inLanguage\":\"es\",\"potentialAction\":[{\"@type\":\"ReadAction\",\"target\":[\"https:\/\/sormaiberica.com\/es\/sorma-iberica-nuevo-miembro-de-aimhe\/\"]}]},{\"@type\":\"ImageObject\",\"inLanguage\":\"es\",\"@id\":\"https:\/\/sormaiberica.com\/es\/sorma-iberica-nuevo-miembro-de-aimhe\/#primaryimage\",\"url\":\"https:\/\/sormaiberica.com\/wp-content\/uploads\/2025\/03\/LOGO-AIMHE.png\",\"contentUrl\":\"https:\/\/sormaiberica.com\/wp-content\/uploads\/2025\/03\/LOGO-AIMHE.png\",\"width\":1080,\"height\":1080},{\"@type\":\"BreadcrumbList\",\"@id\":\"https:\/\/sormaiberica.com\/es\/sorma-iberica-nuevo-miembro-de-aimhe\/#breadcrumb\",\"itemListElement\":[{\"@type\":\"ListItem\",\"position\":1,\"name\":\"Portada\",\"item\":\"https:\/\/sormaiberica.com\/es\/\"},{\"@type\":\"ListItem\",\"position\":2,\"name\":\"Sorma Ib\u00e9rica, nuevo miembro de AIMHE\"}]},{\"@type\":\"WebSite\",\"@id\":\"https:\/\/sormaiberica.com\/es\/#website\",\"url\":\"https:\/\/sormaiberica.com\/es\/\",\"name\":\"Sorma Ib\u00e9rica Tools\",\"description\":\"Herramientas de corte para la industria metalmec\u00e1nica\",\"publisher\":{\"@id\":\"https:\/\/sormaiberica.com\/es\/#organization\"},\"potentialAction\":[{\"@type\":\"SearchAction\",\"target\":{\"@type\":\"EntryPoint\",\"urlTemplate\":\"https:\/\/sormaiberica.com\/es\/?s={search_term_string}\"},\"query-input\":{\"@type\":\"PropertyValueSpecification\",\"valueRequired\":true,\"valueName\":\"search_term_string\"}}],\"inLanguage\":\"es\"},{\"@type\":\"Organization\",\"@id\":\"https:\/\/sormaiberica.com\/es\/#organization\",\"name\":\"Sorma Ib\u00e9rica Tools\",\"url\":\"https:\/\/sormaiberica.com\/es\/\",\"logo\":{\"@type\":\"ImageObject\",\"inLanguage\":\"es\",\"@id\":\"https:\/\/sormaiberica.com\/es\/#\/schema\/logo\/image\/\",\"url\":\"https:\/\/sormaiberica.com\/wp-content\/uploads\/2025\/04\/Sorma_ES-Logo-CMYK_Horizontal.png\",\"contentUrl\":\"https:\/\/sormaiberica.com\/wp-content\/uploads\/2025\/04\/Sorma_ES-Logo-CMYK_Horizontal.png\",\"width\":945,\"height\":194,\"caption\":\"Sorma Ib\u00e9rica Tools\"},\"image\":{\"@id\":\"https:\/\/sormaiberica.com\/es\/#\/schema\/logo\/image\/\"}},{\"@type\":\"Person\",\"@id\":\"https:\/\/sormaiberica.com\/es\/#\/schema\/person\/b764a4ffabf27a608d2e18f1eca0c6f7\",\"name\":\"Paula\",\"image\":{\"@type\":\"ImageObject\",\"inLanguage\":\"es\",\"@id\":\"https:\/\/sormaiberica.com\/es\/#\/schema\/person\/image\/\",\"url\":\"https:\/\/secure.gravatar.com\/avatar\/8417e0f794272a6cbe2debe1ac0f35619c1306d758449b00c33ae5773ff65cc0?s=96&d=mm&r=g\",\"contentUrl\":\"https:\/\/secure.gravatar.com\/avatar\/8417e0f794272a6cbe2debe1ac0f35619c1306d758449b00c33ae5773ff65cc0?s=96&d=mm&r=g\",\"caption\":\"Paula\"},\"url\":\"https:\/\/sormaiberica.com\/es\/author\/paula\/\"}]}<\/script>\n<!-- \/ Yoast SEO plugin. -->","yoast_head_json":{"title":"Sorma Ib\u00e9rica, nuevo miembro de AIMHE - Sorma Ib\u00e9rica Tools","robots":{"index":"index","follow":"follow","max-snippet":"max-snippet:-1","max-image-preview":"max-image-preview:large","max-video-preview":"max-video-preview:-1"},"canonical":"https:\/\/sormaiberica.com\/es\/sorma-iberica-nuevo-miembro-de-aimhe\/","og_locale":"es_ES","og_type":"article","og_title":"Sorma Ib\u00e9rica, nuevo miembro de AIMHE - Sorma Ib\u00e9rica Tools","og_description":"&nbsp; Desde el pasado enero de 2025 Sorma Ib\u00e9rica Tools se une como nuevo miembro de AIMHE (Asociaci\u00f3n de Importadores M\u00e1quina Herramienta Espa\u00f1a), como parte de su estrategia de expansi\u00f3n en el Mercado Espa\u00f1ol. Esta colaboraci\u00f3n ayudar\u00e1 a Sorma Ib\u00e9rica en el aumento de su visibilidad en el mercado y su refuerzo como marca junto [&hellip;]","og_url":"https:\/\/sormaiberica.com\/es\/sorma-iberica-nuevo-miembro-de-aimhe\/","og_site_name":"Sorma Ib\u00e9rica Tools","article_published_time":"2025-03-04T15:24:09+00:00","article_modified_time":"2025-03-05T12:19:36+00:00","og_image":[{"width":1080,"height":1080,"url":"https:\/\/sormaiberica.com\/wp-content\/uploads\/2025\/03\/LOGO-AIMHE.png","type":"image\/png"}],"author":"Paula","twitter_card":"summary_large_image","twitter_misc":{"Escrito por":"Paula"},"schema":{"@context":"https:\/\/schema.org","@graph":[{"@type":"Article","@id":"https:\/\/sormaiberica.com\/es\/sorma-iberica-nuevo-miembro-de-aimhe\/#article","isPartOf":{"@id":"https:\/\/sormaiberica.com\/es\/sorma-iberica-nuevo-miembro-de-aimhe\/"},"author":{"name":"Paula","@id":"https:\/\/sormaiberica.com\/es\/#\/schema\/person\/b764a4ffabf27a608d2e18f1eca0c6f7"},"headline":"Sorma Ib\u00e9rica, nuevo miembro de AIMHE","datePublished":"2025-03-04T15:24:09+00:00","dateModified":"2025-03-05T12:19:36+00:00","mainEntityOfPage":{"@id":"https:\/\/sormaiberica.com\/es\/sorma-iberica-nuevo-miembro-de-aimhe\/"},"wordCount":85,"commentCount":0,"publisher":{"@id":"https:\/\/sormaiberica.com\/es\/#organization"},"image":{"@id":"https:\/\/sormaiberica.com\/es\/sorma-iberica-nuevo-miembro-de-aimhe\/#primaryimage"},"thumbnailUrl":"https:\/\/sormaiberica.com\/wp-content\/uploads\/2025\/03\/LOGO-AIMHE.png","articleSection":["News"],"inLanguage":"es","potentialAction":[{"@type":"CommentAction","name":"Comment","target":["https:\/\/sormaiberica.com\/es\/sorma-iberica-nuevo-miembro-de-aimhe\/#respond"]}]},{"@type":"WebPage","@id":"https:\/\/sormaiberica.com\/es\/sorma-iberica-nuevo-miembro-de-aimhe\/","url":"https:\/\/sormaiberica.com\/es\/sorma-iberica-nuevo-miembro-de-aimhe\/","name":"Sorma Ib\u00e9rica, nuevo miembro de AIMHE - Sorma Ib\u00e9rica Tools","isPartOf":{"@id":"https:\/\/sormaiberica.com\/es\/#website"},"primaryImageOfPage":{"@id":"https:\/\/sormaiberica.com\/es\/sorma-iberica-nuevo-miembro-de-aimhe\/#primaryimage"},"image":{"@id":"https:\/\/sormaiberica.com\/es\/sorma-iberica-nuevo-miembro-de-aimhe\/#primaryimage"},"thumbnailUrl":"https:\/\/sormaiberica.com\/wp-content\/uploads\/2025\/03\/LOGO-AIMHE.png","datePublished":"2025-03-04T15:24:09+00:00","dateModified":"2025-03-05T12:19:36+00:00","breadcrumb":{"@id":"https:\/\/sormaiberica.com\/es\/sorma-iberica-nuevo-miembro-de-aimhe\/#breadcrumb"},"inLanguage":"es","potentialAction":[{"@type":"ReadAction","target":["https:\/\/sormaiberica.com\/es\/sorma-iberica-nuevo-miembro-de-aimhe\/"]}]},{"@type":"ImageObject","inLanguage":"es","@id":"https:\/\/sormaiberica.com\/es\/sorma-iberica-nuevo-miembro-de-aimhe\/#primaryimage","url":"https:\/\/sormaiberica.com\/wp-content\/uploads\/2025\/03\/LOGO-AIMHE.png","contentUrl":"https:\/\/sormaiberica.com\/wp-content\/uploads\/2025\/03\/LOGO-AIMHE.png","width":1080,"height":1080},{"@type":"BreadcrumbList","@id":"https:\/\/sormaiberica.com\/es\/sorma-iberica-nuevo-miembro-de-aimhe\/#breadcrumb","itemListElement":[{"@type":"ListItem","position":1,"name":"Portada","item":"https:\/\/sormaiberica.com\/es\/"},{"@type":"ListItem","position":2,"name":"Sorma Ib\u00e9rica, nuevo miembro de AIMHE"}]},{"@type":"WebSite","@id":"https:\/\/sormaiberica.com\/es\/#website","url":"https:\/\/sormaiberica.com\/es\/","name":"Sorma Ib\u00e9rica Tools","description":"Herramientas de corte para la industria metalmec\u00e1nica","publisher":{"@id":"https:\/\/sormaiberica.com\/es\/#organization"},"potentialAction":[{"@type":"SearchAction","target":{"@type":"EntryPoint","urlTemplate":"https:\/\/sormaiberica.com\/es\/?s={search_term_string}"},"query-input":{"@type":"PropertyValueSpecification","valueRequired":true,"valueName":"search_term_string"}}],"inLanguage":"es"},{"@type":"Organization","@id":"https:\/\/sormaiberica.com\/es\/#organization","name":"Sorma Ib\u00e9rica Tools","url":"https:\/\/sormaiberica.com\/es\/","logo":{"@type":"ImageObject","inLanguage":"es","@id":"https:\/\/sormaiberica.com\/es\/#\/schema\/logo\/image\/","url":"https:\/\/sormaiberica.com\/wp-content\/uploads\/2025\/04\/Sorma_ES-Logo-CMYK_Horizontal.png","contentUrl":"https:\/\/sormaiberica.com\/wp-content\/uploads\/2025\/04\/Sorma_ES-Logo-CMYK_Horizontal.png","width":945,"height":194,"caption":"Sorma Ib\u00e9rica Tools"},"image":{"@id":"https:\/\/sormaiberica.com\/es\/#\/schema\/logo\/image\/"}},{"@type":"Person","@id":"https:\/\/sormaiberica.com\/es\/#\/schema\/person\/b764a4ffabf27a608d2e18f1eca0c6f7","name":"Paula","image":{"@type":"ImageObject","inLanguage":"es","@id":"https:\/\/sormaiberica.com\/es\/#\/schema\/person\/image\/","url":"https:\/\/secure.gravatar.com\/avatar\/8417e0f794272a6cbe2debe1ac0f35619c1306d758449b00c33ae5773ff65cc0?s=96&d=mm&r=g","contentUrl":"https:\/\/secure.gravatar.com\/avatar\/8417e0f794272a6cbe2debe1ac0f35619c1306d758449b00c33ae5773ff65cc0?s=96&d=mm&r=g","caption":"Paula"},"url":"https:\/\/sormaiberica.com\/es\/author\/paula\/"}]}},"_links":{"self":[{"href":"https:\/\/sormaiberica.com\/es\/wp-json\/wp\/v2\/posts\/390120","targetHints":{"allow":["GET"]}}],"collection":[{"href":"https:\/\/sormaiberica.com\/es\/wp-json\/wp\/v2\/posts"}],"about":[{"href":"https:\/\/sormaiberica.com\/es\/wp-json\/wp\/v2\/types\/post"}],"author":[{"embeddable":true,"href":"https:\/\/sormaiberica.com\/es\/wp-json\/wp\/v2\/users\/5"}],"replies":[{"embeddable":true,"href":"https:\/\/sormaiberica.com\/es\/wp-json\/wp\/v2\/comments?post=390120"}],"version-history":[{"count":3,"href":"https:\/\/sormaiberica.com\/es\/wp-json\/wp\/v2\/posts\/390120\/revisions"}],"predecessor-version":[{"id":390137,"href":"https:\/\/sormaiberica.com\/es\/wp-json\/wp\/v2\/posts\/390120\/revisions\/390137"}],"wp:featuredmedia":[{"embeddable":true,"href":"https:\/\/sormaiberica.com\/es\/wp-json\/wp\/v2\/media\/390121"}],"wp:attachment":[{"href":"https:\/\/sormaiberica.com\/es\/wp-json\/wp\/v2\/media?parent=390120"}],"wp:term":[{"taxonomy":"category","embeddable":true,"href":"https:\/\/sormaiberica.com\/es\/wp-json\/wp\/v2\/categories?post=390120"},{"taxonomy":"post_tag","embeddable":true,"href":"https:\/\/sormaiberica.com\/es\/wp-json\/wp\/v2\/tags?post=390120"}],"curies":[{"name":"wp","href":"https:\/\/api.w.org\/{rel}","templated":true}]}}