{"id":390028,"date":"2024-09-08T20:04:44","date_gmt":"2024-09-08T20:04:44","guid":{"rendered":"https:\/\/sormaiberica.com\/?p=390028"},"modified":"2024-09-08T20:10:58","modified_gmt":"2024-09-08T20:10:58","slug":"sorma-iberica-presente-en-la-feria-amb-stuttgart","status":"publish","type":"post","link":"https:\/\/sormaiberica.com\/es\/sorma-iberica-presente-en-la-feria-amb-stuttgart\/","title":{"rendered":"Sorma Ib\u00e9rica presente en la feria AMB Stuttgart"},"content":{"rendered":"<p>Del 10 al 14 de septiembre en el stand de Sorma (3D36) expondremos, adem\u00e1s del nuevo Cat\u00e1logo Osawa 2024 con sus innovaciones, un repaso de nuestras soluciones m\u00e1s importantes para los sistemas de sujeci\u00f3n mec\u00e1nica<strong> Nikko Tools<\/strong>.<\/p>\n<p>Estos incluyen los sistemas <strong>DoubleRek<\/strong> y <strong>RekPlus<\/strong> para el escuadrado, <strong>HF4Plus<\/strong> para un gran avance, la amplia gama de productos Advanced Materials y los nuevos cuerpos de <strong>taladrado DEX Drills 8XD<\/strong>, as\u00ed como una visi\u00f3n general de las soluciones dedicadas al sector dental y para la turbina de procesamiento de palas.<\/p>\n<p>\u00a1Ven a encontrarnos!<\/p>\n","protected":false},"excerpt":{"rendered":"<p>Del 10 al 14 de septiembre en el stand de Sorma (3D36) expondremos, adem\u00e1s del nuevo Cat\u00e1logo Osawa 2024 con sus innovaciones, un repaso de nuestras soluciones m\u00e1s importantes para los sistemas de sujeci\u00f3n mec\u00e1nica Nikko Tools. Estos incluyen los sistemas DoubleRek y RekPlus para el escuadrado, HF4Plus para un gran avance, la amplia gama [&hellip;]<\/p>\n","protected":false},"author":4,"featured_media":390022,"comment_status":"open","ping_status":"closed","sticky":false,"template":"","format":"standard","meta":{"_acf_changed":false,"_et_pb_use_builder":"","_et_pb_old_content":"","_et_gb_content_width":"","footnotes":""},"categories":[20],"tags":[64,39,65],"class_list":["post-390028","post","type-post","status-publish","format-standard","has-post-thumbnail","hentry","category-news","tag-amb-2","tag-feria","tag-stuttgart-2"],"acf":[],"yoast_head":"<!-- This site is optimized with the Yoast SEO plugin v27.1.1 - https:\/\/yoast.com\/product\/yoast-seo-wordpress\/ -->\n<title>Sorma Ib\u00e9rica presente en la feria AMB Stuttgart - Sorma Ib\u00e9rica Tools<\/title>\n<meta name=\"robots\" content=\"index, follow, max-snippet:-1, max-image-preview:large, max-video-preview:-1\" \/>\n<link rel=\"canonical\" href=\"https:\/\/sormaiberica.com\/es\/sorma-iberica-presente-en-la-feria-amb-stuttgart\/\" \/>\n<meta property=\"og:locale\" content=\"es_ES\" \/>\n<meta property=\"og:type\" content=\"article\" \/>\n<meta property=\"og:title\" content=\"Sorma Ib\u00e9rica presente en la feria AMB Stuttgart - Sorma Ib\u00e9rica Tools\" \/>\n<meta property=\"og:description\" content=\"Del 10 al 14 de septiembre en el stand de Sorma (3D36) expondremos, adem\u00e1s del nuevo Cat\u00e1logo Osawa 2024 con sus innovaciones, un repaso de nuestras soluciones m\u00e1s importantes para los sistemas de sujeci\u00f3n mec\u00e1nica Nikko Tools. Estos incluyen los sistemas DoubleRek y RekPlus para el escuadrado, HF4Plus para un gran avance, la amplia gama [&hellip;]\" \/>\n<meta property=\"og:url\" content=\"https:\/\/sormaiberica.com\/es\/sorma-iberica-presente-en-la-feria-amb-stuttgart\/\" \/>\n<meta property=\"og:site_name\" content=\"Sorma Ib\u00e9rica Tools\" \/>\n<meta property=\"article:published_time\" content=\"2024-09-08T20:04:44+00:00\" \/>\n<meta property=\"article:modified_time\" content=\"2024-09-08T20:10:58+00:00\" \/>\n<meta property=\"og:image\" content=\"https:\/\/sormaiberica.com\/wp-content\/uploads\/2024\/09\/AMB-Messe-Logo.jpg.webp\" \/>\n\t<meta property=\"og:image:width\" content=\"1440\" \/>\n\t<meta property=\"og:image:height\" content=\"770\" \/>\n\t<meta property=\"og:image:type\" content=\"image\/webp\" \/>\n<meta name=\"author\" content=\"aPrat\" \/>\n<meta name=\"twitter:card\" content=\"summary_large_image\" \/>\n<meta name=\"twitter:label1\" content=\"Escrito por\" \/>\n\t<meta name=\"twitter:data1\" content=\"aPrat\" \/>\n<script type=\"application\/ld+json\" class=\"yoast-schema-graph\">{\"@context\":\"https:\/\/schema.org\",\"@graph\":[{\"@type\":\"Article\",\"@id\":\"https:\/\/sormaiberica.com\/es\/sorma-iberica-presente-en-la-feria-amb-stuttgart\/#article\",\"isPartOf\":{\"@id\":\"https:\/\/sormaiberica.com\/es\/sorma-iberica-presente-en-la-feria-amb-stuttgart\/\"},\"author\":{\"name\":\"aPrat\",\"@id\":\"https:\/\/sormaiberica.com\/es\/#\/schema\/person\/719259b75a79b945ab40f0d5088982af\"},\"headline\":\"Sorma Ib\u00e9rica presente en la feria AMB Stuttgart\",\"datePublished\":\"2024-09-08T20:04:44+00:00\",\"dateModified\":\"2024-09-08T20:10:58+00:00\",\"mainEntityOfPage\":{\"@id\":\"https:\/\/sormaiberica.com\/es\/sorma-iberica-presente-en-la-feria-amb-stuttgart\/\"},\"wordCount\":104,\"commentCount\":0,\"publisher\":{\"@id\":\"https:\/\/sormaiberica.com\/es\/#organization\"},\"image\":{\"@id\":\"https:\/\/sormaiberica.com\/es\/sorma-iberica-presente-en-la-feria-amb-stuttgart\/#primaryimage\"},\"thumbnailUrl\":\"https:\/\/sormaiberica.com\/wp-content\/uploads\/2024\/09\/AMB-Messe-Logo.jpg.webp\",\"keywords\":[\"AMB\",\"Feria\",\"Stuttgart\"],\"articleSection\":[\"News\"],\"inLanguage\":\"es\",\"potentialAction\":[{\"@type\":\"CommentAction\",\"name\":\"Comment\",\"target\":[\"https:\/\/sormaiberica.com\/es\/sorma-iberica-presente-en-la-feria-amb-stuttgart\/#respond\"]}]},{\"@type\":\"WebPage\",\"@id\":\"https:\/\/sormaiberica.com\/es\/sorma-iberica-presente-en-la-feria-amb-stuttgart\/\",\"url\":\"https:\/\/sormaiberica.com\/es\/sorma-iberica-presente-en-la-feria-amb-stuttgart\/\",\"name\":\"Sorma Ib\u00e9rica presente en la feria AMB Stuttgart - Sorma Ib\u00e9rica Tools\",\"isPartOf\":{\"@id\":\"https:\/\/sormaiberica.com\/es\/#website\"},\"primaryImageOfPage\":{\"@id\":\"https:\/\/sormaiberica.com\/es\/sorma-iberica-presente-en-la-feria-amb-stuttgart\/#primaryimage\"},\"image\":{\"@id\":\"https:\/\/sormaiberica.com\/es\/sorma-iberica-presente-en-la-feria-amb-stuttgart\/#primaryimage\"},\"thumbnailUrl\":\"https:\/\/sormaiberica.com\/wp-content\/uploads\/2024\/09\/AMB-Messe-Logo.jpg.webp\",\"datePublished\":\"2024-09-08T20:04:44+00:00\",\"dateModified\":\"2024-09-08T20:10:58+00:00\",\"breadcrumb\":{\"@id\":\"https:\/\/sormaiberica.com\/es\/sorma-iberica-presente-en-la-feria-amb-stuttgart\/#breadcrumb\"},\"inLanguage\":\"es\",\"potentialAction\":[{\"@type\":\"ReadAction\",\"target\":[\"https:\/\/sormaiberica.com\/es\/sorma-iberica-presente-en-la-feria-amb-stuttgart\/\"]}]},{\"@type\":\"ImageObject\",\"inLanguage\":\"es\",\"@id\":\"https:\/\/sormaiberica.com\/es\/sorma-iberica-presente-en-la-feria-amb-stuttgart\/#primaryimage\",\"url\":\"https:\/\/sormaiberica.com\/wp-content\/uploads\/2024\/09\/AMB-Messe-Logo.jpg.webp\",\"contentUrl\":\"https:\/\/sormaiberica.com\/wp-content\/uploads\/2024\/09\/AMB-Messe-Logo.jpg.webp\",\"width\":1440,\"height\":770},{\"@type\":\"BreadcrumbList\",\"@id\":\"https:\/\/sormaiberica.com\/es\/sorma-iberica-presente-en-la-feria-amb-stuttgart\/#breadcrumb\",\"itemListElement\":[{\"@type\":\"ListItem\",\"position\":1,\"name\":\"Portada\",\"item\":\"https:\/\/sormaiberica.com\/es\/\"},{\"@type\":\"ListItem\",\"position\":2,\"name\":\"Sorma Ib\u00e9rica presente en la feria AMB Stuttgart\"}]},{\"@type\":\"WebSite\",\"@id\":\"https:\/\/sormaiberica.com\/es\/#website\",\"url\":\"https:\/\/sormaiberica.com\/es\/\",\"name\":\"Sorma Ib\u00e9rica Tools\",\"description\":\"Herramientas de corte para la industria metalmec\u00e1nica\",\"publisher\":{\"@id\":\"https:\/\/sormaiberica.com\/es\/#organization\"},\"potentialAction\":[{\"@type\":\"SearchAction\",\"target\":{\"@type\":\"EntryPoint\",\"urlTemplate\":\"https:\/\/sormaiberica.com\/es\/?s={search_term_string}\"},\"query-input\":{\"@type\":\"PropertyValueSpecification\",\"valueRequired\":true,\"valueName\":\"search_term_string\"}}],\"inLanguage\":\"es\"},{\"@type\":\"Organization\",\"@id\":\"https:\/\/sormaiberica.com\/es\/#organization\",\"name\":\"Sorma Ib\u00e9rica Tools\",\"url\":\"https:\/\/sormaiberica.com\/es\/\",\"logo\":{\"@type\":\"ImageObject\",\"inLanguage\":\"es\",\"@id\":\"https:\/\/sormaiberica.com\/es\/#\/schema\/logo\/image\/\",\"url\":\"https:\/\/sormaiberica.com\/wp-content\/uploads\/2025\/04\/Sorma_ES-Logo-CMYK_Horizontal.png\",\"contentUrl\":\"https:\/\/sormaiberica.com\/wp-content\/uploads\/2025\/04\/Sorma_ES-Logo-CMYK_Horizontal.png\",\"width\":945,\"height\":194,\"caption\":\"Sorma Ib\u00e9rica Tools\"},\"image\":{\"@id\":\"https:\/\/sormaiberica.com\/es\/#\/schema\/logo\/image\/\"}},{\"@type\":\"Person\",\"@id\":\"https:\/\/sormaiberica.com\/es\/#\/schema\/person\/719259b75a79b945ab40f0d5088982af\",\"name\":\"aPrat\",\"image\":{\"@type\":\"ImageObject\",\"inLanguage\":\"es\",\"@id\":\"https:\/\/sormaiberica.com\/es\/#\/schema\/person\/image\/\",\"url\":\"https:\/\/secure.gravatar.com\/avatar\/26b46c72e2aa89254e8d5828bda1d66a60d32908136caa300bddc560ca3efdc4?s=96&d=mm&r=g\",\"contentUrl\":\"https:\/\/secure.gravatar.com\/avatar\/26b46c72e2aa89254e8d5828bda1d66a60d32908136caa300bddc560ca3efdc4?s=96&d=mm&r=g\",\"caption\":\"aPrat\"},\"url\":\"https:\/\/sormaiberica.com\/es\/author\/aprat\/\"}]}<\/script>\n<!-- \/ Yoast SEO plugin. -->","yoast_head_json":{"title":"Sorma Ib\u00e9rica presente en la feria AMB Stuttgart - Sorma Ib\u00e9rica Tools","robots":{"index":"index","follow":"follow","max-snippet":"max-snippet:-1","max-image-preview":"max-image-preview:large","max-video-preview":"max-video-preview:-1"},"canonical":"https:\/\/sormaiberica.com\/es\/sorma-iberica-presente-en-la-feria-amb-stuttgart\/","og_locale":"es_ES","og_type":"article","og_title":"Sorma Ib\u00e9rica presente en la feria AMB Stuttgart - Sorma Ib\u00e9rica Tools","og_description":"Del 10 al 14 de septiembre en el stand de Sorma (3D36) expondremos, adem\u00e1s del nuevo Cat\u00e1logo Osawa 2024 con sus innovaciones, un repaso de nuestras soluciones m\u00e1s importantes para los sistemas de sujeci\u00f3n mec\u00e1nica Nikko Tools. Estos incluyen los sistemas DoubleRek y RekPlus para el escuadrado, HF4Plus para un gran avance, la amplia gama [&hellip;]","og_url":"https:\/\/sormaiberica.com\/es\/sorma-iberica-presente-en-la-feria-amb-stuttgart\/","og_site_name":"Sorma Ib\u00e9rica Tools","article_published_time":"2024-09-08T20:04:44+00:00","article_modified_time":"2024-09-08T20:10:58+00:00","og_image":[{"width":1440,"height":770,"url":"https:\/\/sormaiberica.com\/wp-content\/uploads\/2024\/09\/AMB-Messe-Logo.jpg.webp","type":"image\/webp"}],"author":"aPrat","twitter_card":"summary_large_image","twitter_misc":{"Escrito por":"aPrat"},"schema":{"@context":"https:\/\/schema.org","@graph":[{"@type":"Article","@id":"https:\/\/sormaiberica.com\/es\/sorma-iberica-presente-en-la-feria-amb-stuttgart\/#article","isPartOf":{"@id":"https:\/\/sormaiberica.com\/es\/sorma-iberica-presente-en-la-feria-amb-stuttgart\/"},"author":{"name":"aPrat","@id":"https:\/\/sormaiberica.com\/es\/#\/schema\/person\/719259b75a79b945ab40f0d5088982af"},"headline":"Sorma Ib\u00e9rica presente en la feria AMB Stuttgart","datePublished":"2024-09-08T20:04:44+00:00","dateModified":"2024-09-08T20:10:58+00:00","mainEntityOfPage":{"@id":"https:\/\/sormaiberica.com\/es\/sorma-iberica-presente-en-la-feria-amb-stuttgart\/"},"wordCount":104,"commentCount":0,"publisher":{"@id":"https:\/\/sormaiberica.com\/es\/#organization"},"image":{"@id":"https:\/\/sormaiberica.com\/es\/sorma-iberica-presente-en-la-feria-amb-stuttgart\/#primaryimage"},"thumbnailUrl":"https:\/\/sormaiberica.com\/wp-content\/uploads\/2024\/09\/AMB-Messe-Logo.jpg.webp","keywords":["AMB","Feria","Stuttgart"],"articleSection":["News"],"inLanguage":"es","potentialAction":[{"@type":"CommentAction","name":"Comment","target":["https:\/\/sormaiberica.com\/es\/sorma-iberica-presente-en-la-feria-amb-stuttgart\/#respond"]}]},{"@type":"WebPage","@id":"https:\/\/sormaiberica.com\/es\/sorma-iberica-presente-en-la-feria-amb-stuttgart\/","url":"https:\/\/sormaiberica.com\/es\/sorma-iberica-presente-en-la-feria-amb-stuttgart\/","name":"Sorma Ib\u00e9rica presente en la feria AMB Stuttgart - Sorma Ib\u00e9rica Tools","isPartOf":{"@id":"https:\/\/sormaiberica.com\/es\/#website"},"primaryImageOfPage":{"@id":"https:\/\/sormaiberica.com\/es\/sorma-iberica-presente-en-la-feria-amb-stuttgart\/#primaryimage"},"image":{"@id":"https:\/\/sormaiberica.com\/es\/sorma-iberica-presente-en-la-feria-amb-stuttgart\/#primaryimage"},"thumbnailUrl":"https:\/\/sormaiberica.com\/wp-content\/uploads\/2024\/09\/AMB-Messe-Logo.jpg.webp","datePublished":"2024-09-08T20:04:44+00:00","dateModified":"2024-09-08T20:10:58+00:00","breadcrumb":{"@id":"https:\/\/sormaiberica.com\/es\/sorma-iberica-presente-en-la-feria-amb-stuttgart\/#breadcrumb"},"inLanguage":"es","potentialAction":[{"@type":"ReadAction","target":["https:\/\/sormaiberica.com\/es\/sorma-iberica-presente-en-la-feria-amb-stuttgart\/"]}]},{"@type":"ImageObject","inLanguage":"es","@id":"https:\/\/sormaiberica.com\/es\/sorma-iberica-presente-en-la-feria-amb-stuttgart\/#primaryimage","url":"https:\/\/sormaiberica.com\/wp-content\/uploads\/2024\/09\/AMB-Messe-Logo.jpg.webp","contentUrl":"https:\/\/sormaiberica.com\/wp-content\/uploads\/2024\/09\/AMB-Messe-Logo.jpg.webp","width":1440,"height":770},{"@type":"BreadcrumbList","@id":"https:\/\/sormaiberica.com\/es\/sorma-iberica-presente-en-la-feria-amb-stuttgart\/#breadcrumb","itemListElement":[{"@type":"ListItem","position":1,"name":"Portada","item":"https:\/\/sormaiberica.com\/es\/"},{"@type":"ListItem","position":2,"name":"Sorma Ib\u00e9rica presente en la feria AMB Stuttgart"}]},{"@type":"WebSite","@id":"https:\/\/sormaiberica.com\/es\/#website","url":"https:\/\/sormaiberica.com\/es\/","name":"Sorma Ib\u00e9rica Tools","description":"Herramientas de corte para la industria metalmec\u00e1nica","publisher":{"@id":"https:\/\/sormaiberica.com\/es\/#organization"},"potentialAction":[{"@type":"SearchAction","target":{"@type":"EntryPoint","urlTemplate":"https:\/\/sormaiberica.com\/es\/?s={search_term_string}"},"query-input":{"@type":"PropertyValueSpecification","valueRequired":true,"valueName":"search_term_string"}}],"inLanguage":"es"},{"@type":"Organization","@id":"https:\/\/sormaiberica.com\/es\/#organization","name":"Sorma Ib\u00e9rica Tools","url":"https:\/\/sormaiberica.com\/es\/","logo":{"@type":"ImageObject","inLanguage":"es","@id":"https:\/\/sormaiberica.com\/es\/#\/schema\/logo\/image\/","url":"https:\/\/sormaiberica.com\/wp-content\/uploads\/2025\/04\/Sorma_ES-Logo-CMYK_Horizontal.png","contentUrl":"https:\/\/sormaiberica.com\/wp-content\/uploads\/2025\/04\/Sorma_ES-Logo-CMYK_Horizontal.png","width":945,"height":194,"caption":"Sorma Ib\u00e9rica Tools"},"image":{"@id":"https:\/\/sormaiberica.com\/es\/#\/schema\/logo\/image\/"}},{"@type":"Person","@id":"https:\/\/sormaiberica.com\/es\/#\/schema\/person\/719259b75a79b945ab40f0d5088982af","name":"aPrat","image":{"@type":"ImageObject","inLanguage":"es","@id":"https:\/\/sormaiberica.com\/es\/#\/schema\/person\/image\/","url":"https:\/\/secure.gravatar.com\/avatar\/26b46c72e2aa89254e8d5828bda1d66a60d32908136caa300bddc560ca3efdc4?s=96&d=mm&r=g","contentUrl":"https:\/\/secure.gravatar.com\/avatar\/26b46c72e2aa89254e8d5828bda1d66a60d32908136caa300bddc560ca3efdc4?s=96&d=mm&r=g","caption":"aPrat"},"url":"https:\/\/sormaiberica.com\/es\/author\/aprat\/"}]}},"_links":{"self":[{"href":"https:\/\/sormaiberica.com\/es\/wp-json\/wp\/v2\/posts\/390028","targetHints":{"allow":["GET"]}}],"collection":[{"href":"https:\/\/sormaiberica.com\/es\/wp-json\/wp\/v2\/posts"}],"about":[{"href":"https:\/\/sormaiberica.com\/es\/wp-json\/wp\/v2\/types\/post"}],"author":[{"embeddable":true,"href":"https:\/\/sormaiberica.com\/es\/wp-json\/wp\/v2\/users\/4"}],"replies":[{"embeddable":true,"href":"https:\/\/sormaiberica.com\/es\/wp-json\/wp\/v2\/comments?post=390028"}],"version-history":[{"count":1,"href":"https:\/\/sormaiberica.com\/es\/wp-json\/wp\/v2\/posts\/390028\/revisions"}],"predecessor-version":[{"id":390029,"href":"https:\/\/sormaiberica.com\/es\/wp-json\/wp\/v2\/posts\/390028\/revisions\/390029"}],"wp:featuredmedia":[{"embeddable":true,"href":"https:\/\/sormaiberica.com\/es\/wp-json\/wp\/v2\/media\/390022"}],"wp:attachment":[{"href":"https:\/\/sormaiberica.com\/es\/wp-json\/wp\/v2\/media?parent=390028"}],"wp:term":[{"taxonomy":"category","embeddable":true,"href":"https:\/\/sormaiberica.com\/es\/wp-json\/wp\/v2\/categories?post=390028"},{"taxonomy":"post_tag","embeddable":true,"href":"https:\/\/sormaiberica.com\/es\/wp-json\/wp\/v2\/tags?post=390028"}],"curies":[{"name":"wp","href":"https:\/\/api.w.org\/{rel}","templated":true}]}}