{"id":389419,"date":"2023-11-14T06:05:56","date_gmt":"2023-11-14T06:05:56","guid":{"rendered":"https:\/\/sormaiberica.com\/?p=389419"},"modified":"2023-11-14T06:24:02","modified_gmt":"2023-11-14T06:24:02","slug":"sorma-iberica-presente-en-la-proxima-metalmadrid-2023","status":"publish","type":"post","link":"https:\/\/sormaiberica.com\/es\/sorma-iberica-presente-en-la-proxima-metalmadrid-2023\/","title":{"rendered":"Sorma Ib\u00e9rica presente en la pr\u00f3xima MetalMadrid 2023"},"content":{"rendered":"<p>Como es de costumbre, Sorma exhibir\u00e1 en la Feria MetalMadrid 2023 &#8211; Advanced Manufacturing Madrid durante los pr\u00f3ximos d\u00edas 15 y 16 de Noviembre en el pabell\u00f3n 8 stand E36.<\/p>\n<p>Esta edici\u00f3n ser\u00e1 la primera como Sorma Ib\u00e9rica y por lo tanto la presentaci\u00f3n de la empresa al mercado nacional en calidad de Master Distribuidor para la Pen\u00ednsula Ib\u00e9rica de las marcas en cat\u00e1logo . Ser\u00e1 posible ver las \u00faltimas novedades en escuadrado con sistema de plaquitas de Nikko Tools, as\u00ed como las nuevas fresas para fresado trocoidal HF535T de Osawa. Adem\u00e1s presentaremos gran parte de la gama de roscado de alto rendimiento, Z-Pro Series, de Yamawa.<\/p>\n<p>Ven a visitarnos!<\/p>\n<p><img loading=\"lazy\" decoding=\"async\" class=\"size-medium wp-image-389390 aligncenter\" src=\"https:\/\/sormaiberica.com\/wp-content\/uploads\/2023\/11\/1699458646789-300x300.jpeg\" alt=\"\" width=\"300\" height=\"300\" \/><\/p>\n","protected":false},"excerpt":{"rendered":"<p>Como es de costumbre, Sorma exhibir\u00e1 en la Feria MetalMadrid 2023 &#8211; Advanced Manufacturing Madrid durante los pr\u00f3ximos d\u00edas 15 y 16 de Noviembre en el pabell\u00f3n 8 stand E36. Esta edici\u00f3n ser\u00e1 la primera como Sorma Ib\u00e9rica y por lo tanto la presentaci\u00f3n de la empresa al mercado nacional en calidad de Master Distribuidor [&hellip;]<\/p>\n","protected":false},"author":2,"featured_media":389383,"comment_status":"open","ping_status":"closed","sticky":false,"template":"","format":"standard","meta":{"_acf_changed":false,"_et_pb_use_builder":"","_et_pb_old_content":"","_et_gb_content_width":"","footnotes":""},"categories":[20],"tags":[],"class_list":["post-389419","post","type-post","status-publish","format-standard","has-post-thumbnail","hentry","category-news"],"acf":[],"yoast_head":"<!-- This site is optimized with the Yoast SEO plugin v27.1.1 - https:\/\/yoast.com\/product\/yoast-seo-wordpress\/ -->\n<title>Sorma Ib\u00e9rica presente en la pr\u00f3xima MetalMadrid 2023 - Sorma Ib\u00e9rica Tools<\/title>\n<meta name=\"robots\" content=\"index, follow, max-snippet:-1, max-image-preview:large, max-video-preview:-1\" \/>\n<link rel=\"canonical\" href=\"https:\/\/sormaiberica.com\/es\/sorma-iberica-presente-en-la-proxima-metalmadrid-2023\/\" \/>\n<meta property=\"og:locale\" content=\"es_ES\" \/>\n<meta property=\"og:type\" content=\"article\" \/>\n<meta property=\"og:title\" content=\"Sorma Ib\u00e9rica presente en la pr\u00f3xima MetalMadrid 2023 - Sorma Ib\u00e9rica Tools\" \/>\n<meta property=\"og:description\" content=\"Como es de costumbre, Sorma exhibir\u00e1 en la Feria MetalMadrid 2023 &#8211; Advanced Manufacturing Madrid durante los pr\u00f3ximos d\u00edas 15 y 16 de Noviembre en el pabell\u00f3n 8 stand E36. Esta edici\u00f3n ser\u00e1 la primera como Sorma Ib\u00e9rica y por lo tanto la presentaci\u00f3n de la empresa al mercado nacional en calidad de Master Distribuidor [&hellip;]\" \/>\n<meta property=\"og:url\" content=\"https:\/\/sormaiberica.com\/es\/sorma-iberica-presente-en-la-proxima-metalmadrid-2023\/\" \/>\n<meta property=\"og:site_name\" content=\"Sorma Ib\u00e9rica Tools\" \/>\n<meta property=\"article:published_time\" content=\"2023-11-14T06:05:56+00:00\" \/>\n<meta property=\"article:modified_time\" content=\"2023-11-14T06:24:02+00:00\" \/>\n<meta property=\"og:image\" content=\"https:\/\/sormaiberica.com\/wp-content\/uploads\/2023\/11\/Vertical-MM-1.png\" \/>\n\t<meta property=\"og:image:width\" content=\"651\" \/>\n\t<meta property=\"og:image:height\" content=\"473\" \/>\n\t<meta property=\"og:image:type\" content=\"image\/png\" \/>\n<meta name=\"author\" content=\"Gonzalo\" \/>\n<meta name=\"twitter:card\" content=\"summary_large_image\" \/>\n<meta name=\"twitter:label1\" content=\"Escrito por\" \/>\n\t<meta name=\"twitter:data1\" content=\"Gonzalo\" \/>\n\t<meta name=\"twitter:label2\" content=\"Tiempo de lectura\" \/>\n\t<meta name=\"twitter:data2\" content=\"1 minuto\" \/>\n<script type=\"application\/ld+json\" class=\"yoast-schema-graph\">{\"@context\":\"https:\/\/schema.org\",\"@graph\":[{\"@type\":\"Article\",\"@id\":\"https:\/\/sormaiberica.com\/es\/sorma-iberica-presente-en-la-proxima-metalmadrid-2023\/#article\",\"isPartOf\":{\"@id\":\"https:\/\/sormaiberica.com\/es\/sorma-iberica-presente-en-la-proxima-metalmadrid-2023\/\"},\"author\":{\"name\":\"Gonzalo\",\"@id\":\"https:\/\/sormaiberica.com\/es\/#\/schema\/person\/eff26b0a8f82d69820825fe49375059b\"},\"headline\":\"Sorma Ib\u00e9rica presente en la pr\u00f3xima MetalMadrid 2023\",\"datePublished\":\"2023-11-14T06:05:56+00:00\",\"dateModified\":\"2023-11-14T06:24:02+00:00\",\"mainEntityOfPage\":{\"@id\":\"https:\/\/sormaiberica.com\/es\/sorma-iberica-presente-en-la-proxima-metalmadrid-2023\/\"},\"wordCount\":125,\"commentCount\":0,\"publisher\":{\"@id\":\"https:\/\/sormaiberica.com\/es\/#organization\"},\"image\":{\"@id\":\"https:\/\/sormaiberica.com\/es\/sorma-iberica-presente-en-la-proxima-metalmadrid-2023\/#primaryimage\"},\"thumbnailUrl\":\"https:\/\/sormaiberica.com\/wp-content\/uploads\/2023\/11\/Vertical-MM-1.png\",\"articleSection\":[\"News\"],\"inLanguage\":\"es\",\"potentialAction\":[{\"@type\":\"CommentAction\",\"name\":\"Comment\",\"target\":[\"https:\/\/sormaiberica.com\/es\/sorma-iberica-presente-en-la-proxima-metalmadrid-2023\/#respond\"]}]},{\"@type\":\"WebPage\",\"@id\":\"https:\/\/sormaiberica.com\/es\/sorma-iberica-presente-en-la-proxima-metalmadrid-2023\/\",\"url\":\"https:\/\/sormaiberica.com\/es\/sorma-iberica-presente-en-la-proxima-metalmadrid-2023\/\",\"name\":\"Sorma Ib\u00e9rica presente en la pr\u00f3xima MetalMadrid 2023 - Sorma Ib\u00e9rica Tools\",\"isPartOf\":{\"@id\":\"https:\/\/sormaiberica.com\/es\/#website\"},\"primaryImageOfPage\":{\"@id\":\"https:\/\/sormaiberica.com\/es\/sorma-iberica-presente-en-la-proxima-metalmadrid-2023\/#primaryimage\"},\"image\":{\"@id\":\"https:\/\/sormaiberica.com\/es\/sorma-iberica-presente-en-la-proxima-metalmadrid-2023\/#primaryimage\"},\"thumbnailUrl\":\"https:\/\/sormaiberica.com\/wp-content\/uploads\/2023\/11\/Vertical-MM-1.png\",\"datePublished\":\"2023-11-14T06:05:56+00:00\",\"dateModified\":\"2023-11-14T06:24:02+00:00\",\"breadcrumb\":{\"@id\":\"https:\/\/sormaiberica.com\/es\/sorma-iberica-presente-en-la-proxima-metalmadrid-2023\/#breadcrumb\"},\"inLanguage\":\"es\",\"potentialAction\":[{\"@type\":\"ReadAction\",\"target\":[\"https:\/\/sormaiberica.com\/es\/sorma-iberica-presente-en-la-proxima-metalmadrid-2023\/\"]}]},{\"@type\":\"ImageObject\",\"inLanguage\":\"es\",\"@id\":\"https:\/\/sormaiberica.com\/es\/sorma-iberica-presente-en-la-proxima-metalmadrid-2023\/#primaryimage\",\"url\":\"https:\/\/sormaiberica.com\/wp-content\/uploads\/2023\/11\/Vertical-MM-1.png\",\"contentUrl\":\"https:\/\/sormaiberica.com\/wp-content\/uploads\/2023\/11\/Vertical-MM-1.png\",\"width\":651,\"height\":473},{\"@type\":\"BreadcrumbList\",\"@id\":\"https:\/\/sormaiberica.com\/es\/sorma-iberica-presente-en-la-proxima-metalmadrid-2023\/#breadcrumb\",\"itemListElement\":[{\"@type\":\"ListItem\",\"position\":1,\"name\":\"Portada\",\"item\":\"https:\/\/sormaiberica.com\/es\/\"},{\"@type\":\"ListItem\",\"position\":2,\"name\":\"Sorma Ib\u00e9rica presente en la pr\u00f3xima MetalMadrid 2023\"}]},{\"@type\":\"WebSite\",\"@id\":\"https:\/\/sormaiberica.com\/es\/#website\",\"url\":\"https:\/\/sormaiberica.com\/es\/\",\"name\":\"Sorma Ib\u00e9rica Tools\",\"description\":\"Herramientas de corte para la industria metalmec\u00e1nica\",\"publisher\":{\"@id\":\"https:\/\/sormaiberica.com\/es\/#organization\"},\"potentialAction\":[{\"@type\":\"SearchAction\",\"target\":{\"@type\":\"EntryPoint\",\"urlTemplate\":\"https:\/\/sormaiberica.com\/es\/?s={search_term_string}\"},\"query-input\":{\"@type\":\"PropertyValueSpecification\",\"valueRequired\":true,\"valueName\":\"search_term_string\"}}],\"inLanguage\":\"es\"},{\"@type\":\"Organization\",\"@id\":\"https:\/\/sormaiberica.com\/es\/#organization\",\"name\":\"Sorma Ib\u00e9rica Tools\",\"url\":\"https:\/\/sormaiberica.com\/es\/\",\"logo\":{\"@type\":\"ImageObject\",\"inLanguage\":\"es\",\"@id\":\"https:\/\/sormaiberica.com\/es\/#\/schema\/logo\/image\/\",\"url\":\"https:\/\/sormaiberica.com\/wp-content\/uploads\/2025\/04\/Sorma_ES-Logo-CMYK_Horizontal.png\",\"contentUrl\":\"https:\/\/sormaiberica.com\/wp-content\/uploads\/2025\/04\/Sorma_ES-Logo-CMYK_Horizontal.png\",\"width\":945,\"height\":194,\"caption\":\"Sorma Ib\u00e9rica Tools\"},\"image\":{\"@id\":\"https:\/\/sormaiberica.com\/es\/#\/schema\/logo\/image\/\"}},{\"@type\":\"Person\",\"@id\":\"https:\/\/sormaiberica.com\/es\/#\/schema\/person\/eff26b0a8f82d69820825fe49375059b\",\"name\":\"Gonzalo\",\"image\":{\"@type\":\"ImageObject\",\"inLanguage\":\"es\",\"@id\":\"https:\/\/sormaiberica.com\/es\/#\/schema\/person\/image\/\",\"url\":\"https:\/\/secure.gravatar.com\/avatar\/3ab5cf6f74b498fa0690fec152c1176da2b4cafa2d2a2826d8d695398b607bdc?s=96&d=mm&r=g\",\"contentUrl\":\"https:\/\/secure.gravatar.com\/avatar\/3ab5cf6f74b498fa0690fec152c1176da2b4cafa2d2a2826d8d695398b607bdc?s=96&d=mm&r=g\",\"caption\":\"Gonzalo\"},\"url\":\"https:\/\/sormaiberica.com\/es\/author\/gonzalo\/\"}]}<\/script>\n<!-- \/ Yoast SEO plugin. -->","yoast_head_json":{"title":"Sorma Ib\u00e9rica presente en la pr\u00f3xima MetalMadrid 2023 - Sorma Ib\u00e9rica Tools","robots":{"index":"index","follow":"follow","max-snippet":"max-snippet:-1","max-image-preview":"max-image-preview:large","max-video-preview":"max-video-preview:-1"},"canonical":"https:\/\/sormaiberica.com\/es\/sorma-iberica-presente-en-la-proxima-metalmadrid-2023\/","og_locale":"es_ES","og_type":"article","og_title":"Sorma Ib\u00e9rica presente en la pr\u00f3xima MetalMadrid 2023 - Sorma Ib\u00e9rica Tools","og_description":"Como es de costumbre, Sorma exhibir\u00e1 en la Feria MetalMadrid 2023 &#8211; Advanced Manufacturing Madrid durante los pr\u00f3ximos d\u00edas 15 y 16 de Noviembre en el pabell\u00f3n 8 stand E36. Esta edici\u00f3n ser\u00e1 la primera como Sorma Ib\u00e9rica y por lo tanto la presentaci\u00f3n de la empresa al mercado nacional en calidad de Master Distribuidor [&hellip;]","og_url":"https:\/\/sormaiberica.com\/es\/sorma-iberica-presente-en-la-proxima-metalmadrid-2023\/","og_site_name":"Sorma Ib\u00e9rica Tools","article_published_time":"2023-11-14T06:05:56+00:00","article_modified_time":"2023-11-14T06:24:02+00:00","og_image":[{"width":651,"height":473,"url":"https:\/\/sormaiberica.com\/wp-content\/uploads\/2023\/11\/Vertical-MM-1.png","type":"image\/png"}],"author":"Gonzalo","twitter_card":"summary_large_image","twitter_misc":{"Escrito por":"Gonzalo","Tiempo de lectura":"1 minuto"},"schema":{"@context":"https:\/\/schema.org","@graph":[{"@type":"Article","@id":"https:\/\/sormaiberica.com\/es\/sorma-iberica-presente-en-la-proxima-metalmadrid-2023\/#article","isPartOf":{"@id":"https:\/\/sormaiberica.com\/es\/sorma-iberica-presente-en-la-proxima-metalmadrid-2023\/"},"author":{"name":"Gonzalo","@id":"https:\/\/sormaiberica.com\/es\/#\/schema\/person\/eff26b0a8f82d69820825fe49375059b"},"headline":"Sorma Ib\u00e9rica presente en la pr\u00f3xima MetalMadrid 2023","datePublished":"2023-11-14T06:05:56+00:00","dateModified":"2023-11-14T06:24:02+00:00","mainEntityOfPage":{"@id":"https:\/\/sormaiberica.com\/es\/sorma-iberica-presente-en-la-proxima-metalmadrid-2023\/"},"wordCount":125,"commentCount":0,"publisher":{"@id":"https:\/\/sormaiberica.com\/es\/#organization"},"image":{"@id":"https:\/\/sormaiberica.com\/es\/sorma-iberica-presente-en-la-proxima-metalmadrid-2023\/#primaryimage"},"thumbnailUrl":"https:\/\/sormaiberica.com\/wp-content\/uploads\/2023\/11\/Vertical-MM-1.png","articleSection":["News"],"inLanguage":"es","potentialAction":[{"@type":"CommentAction","name":"Comment","target":["https:\/\/sormaiberica.com\/es\/sorma-iberica-presente-en-la-proxima-metalmadrid-2023\/#respond"]}]},{"@type":"WebPage","@id":"https:\/\/sormaiberica.com\/es\/sorma-iberica-presente-en-la-proxima-metalmadrid-2023\/","url":"https:\/\/sormaiberica.com\/es\/sorma-iberica-presente-en-la-proxima-metalmadrid-2023\/","name":"Sorma Ib\u00e9rica presente en la pr\u00f3xima MetalMadrid 2023 - Sorma Ib\u00e9rica Tools","isPartOf":{"@id":"https:\/\/sormaiberica.com\/es\/#website"},"primaryImageOfPage":{"@id":"https:\/\/sormaiberica.com\/es\/sorma-iberica-presente-en-la-proxima-metalmadrid-2023\/#primaryimage"},"image":{"@id":"https:\/\/sormaiberica.com\/es\/sorma-iberica-presente-en-la-proxima-metalmadrid-2023\/#primaryimage"},"thumbnailUrl":"https:\/\/sormaiberica.com\/wp-content\/uploads\/2023\/11\/Vertical-MM-1.png","datePublished":"2023-11-14T06:05:56+00:00","dateModified":"2023-11-14T06:24:02+00:00","breadcrumb":{"@id":"https:\/\/sormaiberica.com\/es\/sorma-iberica-presente-en-la-proxima-metalmadrid-2023\/#breadcrumb"},"inLanguage":"es","potentialAction":[{"@type":"ReadAction","target":["https:\/\/sormaiberica.com\/es\/sorma-iberica-presente-en-la-proxima-metalmadrid-2023\/"]}]},{"@type":"ImageObject","inLanguage":"es","@id":"https:\/\/sormaiberica.com\/es\/sorma-iberica-presente-en-la-proxima-metalmadrid-2023\/#primaryimage","url":"https:\/\/sormaiberica.com\/wp-content\/uploads\/2023\/11\/Vertical-MM-1.png","contentUrl":"https:\/\/sormaiberica.com\/wp-content\/uploads\/2023\/11\/Vertical-MM-1.png","width":651,"height":473},{"@type":"BreadcrumbList","@id":"https:\/\/sormaiberica.com\/es\/sorma-iberica-presente-en-la-proxima-metalmadrid-2023\/#breadcrumb","itemListElement":[{"@type":"ListItem","position":1,"name":"Portada","item":"https:\/\/sormaiberica.com\/es\/"},{"@type":"ListItem","position":2,"name":"Sorma Ib\u00e9rica presente en la pr\u00f3xima MetalMadrid 2023"}]},{"@type":"WebSite","@id":"https:\/\/sormaiberica.com\/es\/#website","url":"https:\/\/sormaiberica.com\/es\/","name":"Sorma Ib\u00e9rica Tools","description":"Herramientas de corte para la industria metalmec\u00e1nica","publisher":{"@id":"https:\/\/sormaiberica.com\/es\/#organization"},"potentialAction":[{"@type":"SearchAction","target":{"@type":"EntryPoint","urlTemplate":"https:\/\/sormaiberica.com\/es\/?s={search_term_string}"},"query-input":{"@type":"PropertyValueSpecification","valueRequired":true,"valueName":"search_term_string"}}],"inLanguage":"es"},{"@type":"Organization","@id":"https:\/\/sormaiberica.com\/es\/#organization","name":"Sorma Ib\u00e9rica Tools","url":"https:\/\/sormaiberica.com\/es\/","logo":{"@type":"ImageObject","inLanguage":"es","@id":"https:\/\/sormaiberica.com\/es\/#\/schema\/logo\/image\/","url":"https:\/\/sormaiberica.com\/wp-content\/uploads\/2025\/04\/Sorma_ES-Logo-CMYK_Horizontal.png","contentUrl":"https:\/\/sormaiberica.com\/wp-content\/uploads\/2025\/04\/Sorma_ES-Logo-CMYK_Horizontal.png","width":945,"height":194,"caption":"Sorma Ib\u00e9rica Tools"},"image":{"@id":"https:\/\/sormaiberica.com\/es\/#\/schema\/logo\/image\/"}},{"@type":"Person","@id":"https:\/\/sormaiberica.com\/es\/#\/schema\/person\/eff26b0a8f82d69820825fe49375059b","name":"Gonzalo","image":{"@type":"ImageObject","inLanguage":"es","@id":"https:\/\/sormaiberica.com\/es\/#\/schema\/person\/image\/","url":"https:\/\/secure.gravatar.com\/avatar\/3ab5cf6f74b498fa0690fec152c1176da2b4cafa2d2a2826d8d695398b607bdc?s=96&d=mm&r=g","contentUrl":"https:\/\/secure.gravatar.com\/avatar\/3ab5cf6f74b498fa0690fec152c1176da2b4cafa2d2a2826d8d695398b607bdc?s=96&d=mm&r=g","caption":"Gonzalo"},"url":"https:\/\/sormaiberica.com\/es\/author\/gonzalo\/"}]}},"_links":{"self":[{"href":"https:\/\/sormaiberica.com\/es\/wp-json\/wp\/v2\/posts\/389419","targetHints":{"allow":["GET"]}}],"collection":[{"href":"https:\/\/sormaiberica.com\/es\/wp-json\/wp\/v2\/posts"}],"about":[{"href":"https:\/\/sormaiberica.com\/es\/wp-json\/wp\/v2\/types\/post"}],"author":[{"embeddable":true,"href":"https:\/\/sormaiberica.com\/es\/wp-json\/wp\/v2\/users\/2"}],"replies":[{"embeddable":true,"href":"https:\/\/sormaiberica.com\/es\/wp-json\/wp\/v2\/comments?post=389419"}],"version-history":[{"count":2,"href":"https:\/\/sormaiberica.com\/es\/wp-json\/wp\/v2\/posts\/389419\/revisions"}],"predecessor-version":[{"id":389434,"href":"https:\/\/sormaiberica.com\/es\/wp-json\/wp\/v2\/posts\/389419\/revisions\/389434"}],"wp:featuredmedia":[{"embeddable":true,"href":"https:\/\/sormaiberica.com\/es\/wp-json\/wp\/v2\/media\/389383"}],"wp:attachment":[{"href":"https:\/\/sormaiberica.com\/es\/wp-json\/wp\/v2\/media?parent=389419"}],"wp:term":[{"taxonomy":"category","embeddable":true,"href":"https:\/\/sormaiberica.com\/es\/wp-json\/wp\/v2\/categories?post=389419"},{"taxonomy":"post_tag","embeddable":true,"href":"https:\/\/sormaiberica.com\/es\/wp-json\/wp\/v2\/tags?post=389419"}],"curies":[{"name":"wp","href":"https:\/\/api.w.org\/{rel}","templated":true}]}}