{"id":391179,"date":"2025-09-16T15:21:36","date_gmt":"2025-09-16T15:21:36","guid":{"rendered":"https:\/\/sormaiberica.com\/?p=391179"},"modified":"2025-11-19T16:26:59","modified_gmt":"2025-11-19T16:26:59","slug":"sorma-a-l-emo-2025-75-anys-d-historia-i-un-nou-cataleg","status":"publish","type":"post","link":"https:\/\/sormaiberica.com\/ca\/sorma-a-l-emo-2025-75-anys-d-historia-i-un-nou-cataleg\/","title":{"rendered":"Sorma a l\u2019EMO 2025: 75 anys d\u2019hist\u00f2ria i un nou cat\u00e0leg"},"content":{"rendered":"<p><img loading=\"lazy\" decoding=\"async\" class=\"alignnone size-medium wp-image-391173\" src=\"https:\/\/sormaiberica.com\/wp-content\/uploads\/2025\/09\/Captura-de-pantalla-2025-09-15-115331-300x154.jpg\" alt=\"\" width=\"300\" height=\"154\" \/><\/p>\n<p data-start=\"79\" data-end=\"422\">A la pr\u00f2xima edici\u00f3 de l\u2019EMO, Sorma celebrar\u00e0 el seu 75\u00e8 aniversari amb un estand completament renovat (Pavell\u00f3 4, E04). La fira ser\u00e0 tamb\u00e9 l\u2019escenari de la presentaci\u00f3 oficial de Sorma Deutschland, la nova filial alemanya que, des de principis d\u2019any, gestiona la distribuci\u00f3 de productes i ofereix suport t\u00e8cnic i log\u00edstic als clients locals.<\/p>\n<p data-start=\"424\" data-end=\"686\">Un altre dels grans punts destacats ser\u00e0 la presentaci\u00f3 del Cat\u00e0leg 2025, una publicaci\u00f3 de gaireb\u00e9 1.500 p\u00e0gines que reuneix m\u00e9s de 13.300 refer\u00e8ncies de les gammes Sorma Osawa i Sorma Nikko Tools, amb solucions per a tornejat, fresat, roscat, ranurat i trepat.<\/p>\n<p data-start=\"688\" data-end=\"997\">A Hannover, els visitants podran descobrir de primera m\u00e0 els sistemes intercanviables de Nikko Tools, com el DEX Drill per a operacions de trepat o l\u2019HF4Plus per al fresat d\u2019alt avan\u00e7, aix\u00ed com les eines s\u00f2lides Osawa, entre les quals destaquen les fresses per a acers temperats i la gamma de broques Typhoon.<\/p>\n<p data-start=\"999\" data-end=\"1158\">Sorma convida tots els assistents a apropar-se al seu estand per con\u00e8ixer les seves \u00faltimes innovacions i celebrar plegats els seus primers 75 anys d\u2019hist\u00f2ria.<\/p>\n","protected":false},"excerpt":{"rendered":"<p>A la pr\u00f2xima edici\u00f3 de l\u2019EMO, Sorma celebrar\u00e0 el seu 75\u00e8 aniversari amb un estand completament renovat (Pavell\u00f3 4, E04). La fira ser\u00e0 tamb\u00e9 l\u2019escenari de la presentaci\u00f3 oficial de Sorma Deutschland, la nova filial alemanya que, des de principis d\u2019any, gestiona la distribuci\u00f3 de productes i ofereix suport t\u00e8cnic i log\u00edstic als clients locals. [&hellip;]<\/p>\n","protected":false},"author":5,"featured_media":0,"comment_status":"open","ping_status":"closed","sticky":false,"template":"","format":"standard","meta":{"_acf_changed":false,"_et_pb_use_builder":"","_et_pb_old_content":"","_et_gb_content_width":"","footnotes":""},"categories":[35],"tags":[],"class_list":["post-391179","post","type-post","status-publish","format-standard","hentry","category-noticies"],"acf":[],"yoast_head":"<!-- This site is optimized with the Yoast SEO plugin v27.1.1 - https:\/\/yoast.com\/product\/yoast-seo-wordpress\/ -->\n<title>Sorma a l\u2019EMO 2025: 75 anys d\u2019hist\u00f2ria i un nou cat\u00e0leg - Sorma Ib\u00e9rica Tools<\/title>\n<meta name=\"robots\" content=\"index, follow, max-snippet:-1, max-image-preview:large, max-video-preview:-1\" \/>\n<link rel=\"canonical\" href=\"https:\/\/sormaiberica.com\/ca\/sorma-a-l-emo-2025-75-anys-d-historia-i-un-nou-cataleg\/\" \/>\n<meta property=\"og:locale\" content=\"ca_ES\" \/>\n<meta property=\"og:type\" content=\"article\" \/>\n<meta property=\"og:title\" content=\"Sorma a l\u2019EMO 2025: 75 anys d\u2019hist\u00f2ria i un nou cat\u00e0leg - Sorma Ib\u00e9rica Tools\" \/>\n<meta property=\"og:description\" content=\"A la pr\u00f2xima edici\u00f3 de l\u2019EMO, Sorma celebrar\u00e0 el seu 75\u00e8 aniversari amb un estand completament renovat (Pavell\u00f3 4, E04). La fira ser\u00e0 tamb\u00e9 l\u2019escenari de la presentaci\u00f3 oficial de Sorma Deutschland, la nova filial alemanya que, des de principis d\u2019any, gestiona la distribuci\u00f3 de productes i ofereix suport t\u00e8cnic i log\u00edstic als clients locals. [&hellip;]\" \/>\n<meta property=\"og:url\" content=\"https:\/\/sormaiberica.com\/ca\/sorma-a-l-emo-2025-75-anys-d-historia-i-un-nou-cataleg\/\" \/>\n<meta property=\"og:site_name\" content=\"Sorma Ib\u00e9rica Tools\" \/>\n<meta property=\"article:published_time\" content=\"2025-09-16T15:21:36+00:00\" \/>\n<meta property=\"article:modified_time\" content=\"2025-11-19T16:26:59+00:00\" \/>\n<meta property=\"og:image\" content=\"https:\/\/sormaiberica.com\/wp-content\/uploads\/2025\/09\/Captura-de-pantalla-2025-09-15-115331.jpg\" \/>\n\t<meta property=\"og:image:width\" content=\"721\" \/>\n\t<meta property=\"og:image:height\" content=\"370\" \/>\n\t<meta property=\"og:image:type\" content=\"image\/jpeg\" \/>\n<meta name=\"author\" content=\"Paula\" \/>\n<meta name=\"twitter:card\" content=\"summary_large_image\" \/>\n<meta name=\"twitter:label1\" content=\"Escrit per\" \/>\n\t<meta name=\"twitter:data1\" content=\"Paula\" \/>\n\t<meta name=\"twitter:label2\" content=\"Temps estimat de lectura\" \/>\n\t<meta name=\"twitter:data2\" content=\"1 minut\" \/>\n<script type=\"application\/ld+json\" class=\"yoast-schema-graph\">{\"@context\":\"https:\/\/schema.org\",\"@graph\":[{\"@type\":\"Article\",\"@id\":\"https:\/\/sormaiberica.com\/ca\/sorma-a-l-emo-2025-75-anys-d-historia-i-un-nou-cataleg\/#article\",\"isPartOf\":{\"@id\":\"https:\/\/sormaiberica.com\/ca\/sorma-a-l-emo-2025-75-anys-d-historia-i-un-nou-cataleg\/\"},\"author\":{\"name\":\"Paula\",\"@id\":\"https:\/\/sormaiberica.com\/es\/#\/schema\/person\/b764a4ffabf27a608d2e18f1eca0c6f7\"},\"headline\":\"Sorma a l\u2019EMO 2025: 75 anys d\u2019hist\u00f2ria i un nou cat\u00e0leg\",\"datePublished\":\"2025-09-16T15:21:36+00:00\",\"dateModified\":\"2025-11-19T16:26:59+00:00\",\"mainEntityOfPage\":{\"@id\":\"https:\/\/sormaiberica.com\/ca\/sorma-a-l-emo-2025-75-anys-d-historia-i-un-nou-cataleg\/\"},\"wordCount\":200,\"commentCount\":0,\"publisher\":{\"@id\":\"https:\/\/sormaiberica.com\/es\/#organization\"},\"image\":{\"@id\":\"https:\/\/sormaiberica.com\/ca\/sorma-a-l-emo-2025-75-anys-d-historia-i-un-nou-cataleg\/#primaryimage\"},\"thumbnailUrl\":\"https:\/\/sormaiberica.com\/wp-content\/uploads\/2025\/09\/Captura-de-pantalla-2025-09-15-115331-300x154.jpg\",\"articleSection\":[\"Notic\u00edes\"],\"inLanguage\":\"ca\",\"potentialAction\":[{\"@type\":\"CommentAction\",\"name\":\"Comment\",\"target\":[\"https:\/\/sormaiberica.com\/ca\/sorma-a-l-emo-2025-75-anys-d-historia-i-un-nou-cataleg\/#respond\"]}]},{\"@type\":\"WebPage\",\"@id\":\"https:\/\/sormaiberica.com\/ca\/sorma-a-l-emo-2025-75-anys-d-historia-i-un-nou-cataleg\/\",\"url\":\"https:\/\/sormaiberica.com\/ca\/sorma-a-l-emo-2025-75-anys-d-historia-i-un-nou-cataleg\/\",\"name\":\"Sorma a l\u2019EMO 2025: 75 anys d\u2019hist\u00f2ria i un nou cat\u00e0leg - Sorma Ib\u00e9rica Tools\",\"isPartOf\":{\"@id\":\"https:\/\/sormaiberica.com\/es\/#website\"},\"primaryImageOfPage\":{\"@id\":\"https:\/\/sormaiberica.com\/ca\/sorma-a-l-emo-2025-75-anys-d-historia-i-un-nou-cataleg\/#primaryimage\"},\"image\":{\"@id\":\"https:\/\/sormaiberica.com\/ca\/sorma-a-l-emo-2025-75-anys-d-historia-i-un-nou-cataleg\/#primaryimage\"},\"thumbnailUrl\":\"https:\/\/sormaiberica.com\/wp-content\/uploads\/2025\/09\/Captura-de-pantalla-2025-09-15-115331-300x154.jpg\",\"datePublished\":\"2025-09-16T15:21:36+00:00\",\"dateModified\":\"2025-11-19T16:26:59+00:00\",\"breadcrumb\":{\"@id\":\"https:\/\/sormaiberica.com\/ca\/sorma-a-l-emo-2025-75-anys-d-historia-i-un-nou-cataleg\/#breadcrumb\"},\"inLanguage\":\"ca\",\"potentialAction\":[{\"@type\":\"ReadAction\",\"target\":[\"https:\/\/sormaiberica.com\/ca\/sorma-a-l-emo-2025-75-anys-d-historia-i-un-nou-cataleg\/\"]}]},{\"@type\":\"ImageObject\",\"inLanguage\":\"ca\",\"@id\":\"https:\/\/sormaiberica.com\/ca\/sorma-a-l-emo-2025-75-anys-d-historia-i-un-nou-cataleg\/#primaryimage\",\"url\":\"https:\/\/sormaiberica.com\/wp-content\/uploads\/2025\/09\/Captura-de-pantalla-2025-09-15-115331-300x154.jpg\",\"contentUrl\":\"https:\/\/sormaiberica.com\/wp-content\/uploads\/2025\/09\/Captura-de-pantalla-2025-09-15-115331-300x154.jpg\"},{\"@type\":\"BreadcrumbList\",\"@id\":\"https:\/\/sormaiberica.com\/ca\/sorma-a-l-emo-2025-75-anys-d-historia-i-un-nou-cataleg\/#breadcrumb\",\"itemListElement\":[{\"@type\":\"ListItem\",\"position\":1,\"name\":\"Portada\",\"item\":\"https:\/\/sormaiberica.com\/ca\/\"},{\"@type\":\"ListItem\",\"position\":2,\"name\":\"Sorma a l\u2019EMO 2025: 75 anys d\u2019hist\u00f2ria i un nou cat\u00e0leg\"}]},{\"@type\":\"WebSite\",\"@id\":\"https:\/\/sormaiberica.com\/es\/#website\",\"url\":\"https:\/\/sormaiberica.com\/es\/\",\"name\":\"Sorma Ib\u00e9rica Tools\",\"description\":\"Herramientas de corte para la industria metalmec\u00e1nica\",\"publisher\":{\"@id\":\"https:\/\/sormaiberica.com\/es\/#organization\"},\"potentialAction\":[{\"@type\":\"SearchAction\",\"target\":{\"@type\":\"EntryPoint\",\"urlTemplate\":\"https:\/\/sormaiberica.com\/es\/?s={search_term_string}\"},\"query-input\":{\"@type\":\"PropertyValueSpecification\",\"valueRequired\":true,\"valueName\":\"search_term_string\"}}],\"inLanguage\":\"ca\"},{\"@type\":\"Organization\",\"@id\":\"https:\/\/sormaiberica.com\/es\/#organization\",\"name\":\"Sorma Ib\u00e9rica Tools\",\"url\":\"https:\/\/sormaiberica.com\/es\/\",\"logo\":{\"@type\":\"ImageObject\",\"inLanguage\":\"ca\",\"@id\":\"https:\/\/sormaiberica.com\/es\/#\/schema\/logo\/image\/\",\"url\":\"https:\/\/sormaiberica.com\/wp-content\/uploads\/2025\/04\/Sorma_ES-Logo-CMYK_Horizontal.png\",\"contentUrl\":\"https:\/\/sormaiberica.com\/wp-content\/uploads\/2025\/04\/Sorma_ES-Logo-CMYK_Horizontal.png\",\"width\":945,\"height\":194,\"caption\":\"Sorma Ib\u00e9rica Tools\"},\"image\":{\"@id\":\"https:\/\/sormaiberica.com\/es\/#\/schema\/logo\/image\/\"}},{\"@type\":\"Person\",\"@id\":\"https:\/\/sormaiberica.com\/es\/#\/schema\/person\/b764a4ffabf27a608d2e18f1eca0c6f7\",\"name\":\"Paula\",\"image\":{\"@type\":\"ImageObject\",\"inLanguage\":\"ca\",\"@id\":\"https:\/\/sormaiberica.com\/es\/#\/schema\/person\/image\/\",\"url\":\"https:\/\/secure.gravatar.com\/avatar\/8417e0f794272a6cbe2debe1ac0f35619c1306d758449b00c33ae5773ff65cc0?s=96&d=mm&r=g\",\"contentUrl\":\"https:\/\/secure.gravatar.com\/avatar\/8417e0f794272a6cbe2debe1ac0f35619c1306d758449b00c33ae5773ff65cc0?s=96&d=mm&r=g\",\"caption\":\"Paula\"},\"url\":\"https:\/\/sormaiberica.com\/ca\/author\/paula\/\"}]}<\/script>\n<!-- \/ Yoast SEO plugin. -->","yoast_head_json":{"title":"Sorma a l\u2019EMO 2025: 75 anys d\u2019hist\u00f2ria i un nou cat\u00e0leg - Sorma Ib\u00e9rica Tools","robots":{"index":"index","follow":"follow","max-snippet":"max-snippet:-1","max-image-preview":"max-image-preview:large","max-video-preview":"max-video-preview:-1"},"canonical":"https:\/\/sormaiberica.com\/ca\/sorma-a-l-emo-2025-75-anys-d-historia-i-un-nou-cataleg\/","og_locale":"ca_ES","og_type":"article","og_title":"Sorma a l\u2019EMO 2025: 75 anys d\u2019hist\u00f2ria i un nou cat\u00e0leg - Sorma Ib\u00e9rica Tools","og_description":"A la pr\u00f2xima edici\u00f3 de l\u2019EMO, Sorma celebrar\u00e0 el seu 75\u00e8 aniversari amb un estand completament renovat (Pavell\u00f3 4, E04). La fira ser\u00e0 tamb\u00e9 l\u2019escenari de la presentaci\u00f3 oficial de Sorma Deutschland, la nova filial alemanya que, des de principis d\u2019any, gestiona la distribuci\u00f3 de productes i ofereix suport t\u00e8cnic i log\u00edstic als clients locals. [&hellip;]","og_url":"https:\/\/sormaiberica.com\/ca\/sorma-a-l-emo-2025-75-anys-d-historia-i-un-nou-cataleg\/","og_site_name":"Sorma Ib\u00e9rica Tools","article_published_time":"2025-09-16T15:21:36+00:00","article_modified_time":"2025-11-19T16:26:59+00:00","og_image":[{"width":721,"height":370,"url":"https:\/\/sormaiberica.com\/wp-content\/uploads\/2025\/09\/Captura-de-pantalla-2025-09-15-115331.jpg","type":"image\/jpeg"}],"author":"Paula","twitter_card":"summary_large_image","twitter_misc":{"Escrit per":"Paula","Temps estimat de lectura":"1 minut"},"schema":{"@context":"https:\/\/schema.org","@graph":[{"@type":"Article","@id":"https:\/\/sormaiberica.com\/ca\/sorma-a-l-emo-2025-75-anys-d-historia-i-un-nou-cataleg\/#article","isPartOf":{"@id":"https:\/\/sormaiberica.com\/ca\/sorma-a-l-emo-2025-75-anys-d-historia-i-un-nou-cataleg\/"},"author":{"name":"Paula","@id":"https:\/\/sormaiberica.com\/es\/#\/schema\/person\/b764a4ffabf27a608d2e18f1eca0c6f7"},"headline":"Sorma a l\u2019EMO 2025: 75 anys d\u2019hist\u00f2ria i un nou cat\u00e0leg","datePublished":"2025-09-16T15:21:36+00:00","dateModified":"2025-11-19T16:26:59+00:00","mainEntityOfPage":{"@id":"https:\/\/sormaiberica.com\/ca\/sorma-a-l-emo-2025-75-anys-d-historia-i-un-nou-cataleg\/"},"wordCount":200,"commentCount":0,"publisher":{"@id":"https:\/\/sormaiberica.com\/es\/#organization"},"image":{"@id":"https:\/\/sormaiberica.com\/ca\/sorma-a-l-emo-2025-75-anys-d-historia-i-un-nou-cataleg\/#primaryimage"},"thumbnailUrl":"https:\/\/sormaiberica.com\/wp-content\/uploads\/2025\/09\/Captura-de-pantalla-2025-09-15-115331-300x154.jpg","articleSection":["Notic\u00edes"],"inLanguage":"ca","potentialAction":[{"@type":"CommentAction","name":"Comment","target":["https:\/\/sormaiberica.com\/ca\/sorma-a-l-emo-2025-75-anys-d-historia-i-un-nou-cataleg\/#respond"]}]},{"@type":"WebPage","@id":"https:\/\/sormaiberica.com\/ca\/sorma-a-l-emo-2025-75-anys-d-historia-i-un-nou-cataleg\/","url":"https:\/\/sormaiberica.com\/ca\/sorma-a-l-emo-2025-75-anys-d-historia-i-un-nou-cataleg\/","name":"Sorma a l\u2019EMO 2025: 75 anys d\u2019hist\u00f2ria i un nou cat\u00e0leg - Sorma Ib\u00e9rica Tools","isPartOf":{"@id":"https:\/\/sormaiberica.com\/es\/#website"},"primaryImageOfPage":{"@id":"https:\/\/sormaiberica.com\/ca\/sorma-a-l-emo-2025-75-anys-d-historia-i-un-nou-cataleg\/#primaryimage"},"image":{"@id":"https:\/\/sormaiberica.com\/ca\/sorma-a-l-emo-2025-75-anys-d-historia-i-un-nou-cataleg\/#primaryimage"},"thumbnailUrl":"https:\/\/sormaiberica.com\/wp-content\/uploads\/2025\/09\/Captura-de-pantalla-2025-09-15-115331-300x154.jpg","datePublished":"2025-09-16T15:21:36+00:00","dateModified":"2025-11-19T16:26:59+00:00","breadcrumb":{"@id":"https:\/\/sormaiberica.com\/ca\/sorma-a-l-emo-2025-75-anys-d-historia-i-un-nou-cataleg\/#breadcrumb"},"inLanguage":"ca","potentialAction":[{"@type":"ReadAction","target":["https:\/\/sormaiberica.com\/ca\/sorma-a-l-emo-2025-75-anys-d-historia-i-un-nou-cataleg\/"]}]},{"@type":"ImageObject","inLanguage":"ca","@id":"https:\/\/sormaiberica.com\/ca\/sorma-a-l-emo-2025-75-anys-d-historia-i-un-nou-cataleg\/#primaryimage","url":"https:\/\/sormaiberica.com\/wp-content\/uploads\/2025\/09\/Captura-de-pantalla-2025-09-15-115331-300x154.jpg","contentUrl":"https:\/\/sormaiberica.com\/wp-content\/uploads\/2025\/09\/Captura-de-pantalla-2025-09-15-115331-300x154.jpg"},{"@type":"BreadcrumbList","@id":"https:\/\/sormaiberica.com\/ca\/sorma-a-l-emo-2025-75-anys-d-historia-i-un-nou-cataleg\/#breadcrumb","itemListElement":[{"@type":"ListItem","position":1,"name":"Portada","item":"https:\/\/sormaiberica.com\/ca\/"},{"@type":"ListItem","position":2,"name":"Sorma a l\u2019EMO 2025: 75 anys d\u2019hist\u00f2ria i un nou cat\u00e0leg"}]},{"@type":"WebSite","@id":"https:\/\/sormaiberica.com\/es\/#website","url":"https:\/\/sormaiberica.com\/es\/","name":"Sorma Ib\u00e9rica Tools","description":"Herramientas de corte para la industria metalmec\u00e1nica","publisher":{"@id":"https:\/\/sormaiberica.com\/es\/#organization"},"potentialAction":[{"@type":"SearchAction","target":{"@type":"EntryPoint","urlTemplate":"https:\/\/sormaiberica.com\/es\/?s={search_term_string}"},"query-input":{"@type":"PropertyValueSpecification","valueRequired":true,"valueName":"search_term_string"}}],"inLanguage":"ca"},{"@type":"Organization","@id":"https:\/\/sormaiberica.com\/es\/#organization","name":"Sorma Ib\u00e9rica Tools","url":"https:\/\/sormaiberica.com\/es\/","logo":{"@type":"ImageObject","inLanguage":"ca","@id":"https:\/\/sormaiberica.com\/es\/#\/schema\/logo\/image\/","url":"https:\/\/sormaiberica.com\/wp-content\/uploads\/2025\/04\/Sorma_ES-Logo-CMYK_Horizontal.png","contentUrl":"https:\/\/sormaiberica.com\/wp-content\/uploads\/2025\/04\/Sorma_ES-Logo-CMYK_Horizontal.png","width":945,"height":194,"caption":"Sorma Ib\u00e9rica Tools"},"image":{"@id":"https:\/\/sormaiberica.com\/es\/#\/schema\/logo\/image\/"}},{"@type":"Person","@id":"https:\/\/sormaiberica.com\/es\/#\/schema\/person\/b764a4ffabf27a608d2e18f1eca0c6f7","name":"Paula","image":{"@type":"ImageObject","inLanguage":"ca","@id":"https:\/\/sormaiberica.com\/es\/#\/schema\/person\/image\/","url":"https:\/\/secure.gravatar.com\/avatar\/8417e0f794272a6cbe2debe1ac0f35619c1306d758449b00c33ae5773ff65cc0?s=96&d=mm&r=g","contentUrl":"https:\/\/secure.gravatar.com\/avatar\/8417e0f794272a6cbe2debe1ac0f35619c1306d758449b00c33ae5773ff65cc0?s=96&d=mm&r=g","caption":"Paula"},"url":"https:\/\/sormaiberica.com\/ca\/author\/paula\/"}]}},"_links":{"self":[{"href":"https:\/\/sormaiberica.com\/ca\/wp-json\/wp\/v2\/posts\/391179","targetHints":{"allow":["GET"]}}],"collection":[{"href":"https:\/\/sormaiberica.com\/ca\/wp-json\/wp\/v2\/posts"}],"about":[{"href":"https:\/\/sormaiberica.com\/ca\/wp-json\/wp\/v2\/types\/post"}],"author":[{"embeddable":true,"href":"https:\/\/sormaiberica.com\/ca\/wp-json\/wp\/v2\/users\/5"}],"replies":[{"embeddable":true,"href":"https:\/\/sormaiberica.com\/ca\/wp-json\/wp\/v2\/comments?post=391179"}],"version-history":[{"count":3,"href":"https:\/\/sormaiberica.com\/ca\/wp-json\/wp\/v2\/posts\/391179\/revisions"}],"predecessor-version":[{"id":391360,"href":"https:\/\/sormaiberica.com\/ca\/wp-json\/wp\/v2\/posts\/391179\/revisions\/391360"}],"wp:attachment":[{"href":"https:\/\/sormaiberica.com\/ca\/wp-json\/wp\/v2\/media?parent=391179"}],"wp:term":[{"taxonomy":"category","embeddable":true,"href":"https:\/\/sormaiberica.com\/ca\/wp-json\/wp\/v2\/categories?post=391179"},{"taxonomy":"post_tag","embeddable":true,"href":"https:\/\/sormaiberica.com\/ca\/wp-json\/wp\/v2\/tags?post=391179"}],"curies":[{"name":"wp","href":"https:\/\/api.w.org\/{rel}","templated":true}]}}